{"id":389,"date":"2023-02-13T10:07:00","date_gmt":"2023-02-13T10:07:00","guid":{"rendered":"https:\/\/moore-hungary.eu.moore-global.com\/?p=389"},"modified":"2025-12-03T13:04:32","modified_gmt":"2025-12-03T13:04:32","slug":"munkaba-jaras-koltsegeinek-teritese-2023","status":"publish","type":"post","link":"https:\/\/www.mooreglobal.hu\/en\/munkaba-jaras-koltsegeinek-teritese-2023\/","title":{"rendered":"MUNK\u00c1BA J\u00c1R\u00c1S K\u00d6LTS\u00c9GEINEK T\u00c9R\u00cdT\u00c9SE 2023"},"content":{"rendered":"<p><strong>Tisztelt \u00dcgyfel\u00fcnk!<\/strong><br>&nbsp;<br>Szeretn\u00e9nk felh\u00edvni a figyelm\u00fcket, hogy 2023-ban jelent\u0151sen n\u00f6vekszik a munk\u00e1ba j\u00e1r\u00e1ssal kapcsolatban a munkaad\u00f3kat terhel\u0151 k\u00f6lts\u00e9g \u00f6sszege.<br>&nbsp;<br>A n\u00f6veked\u00e9st egyr\u00e9szt a k\u00f6z\u00f6ss\u00e9gi k\u00f6zleked\u00e9ssel munk\u00e1ba j\u00e1r\u00f3k b\u00e9rlett\u00e9r\u00edt\u00e9s\u00e9nek emelked\u00e9se okozza, m\u00e1sr\u00e9szt a g\u00e9pj\u00e1rm\u0171vel munk\u00e1ba j\u00e1r\u00f3 munkav\u00e1llal\u00f3k r\u00e9sz\u00e9re fizetend\u0151 t\u00e9r\u00edt\u00e9s \u00f6sszege is a dupl\u00e1j\u00e1ra emelkedett az el\u0151z\u0151 \u00e9vhez viszony\u00edtva, valamint a munk\u00e1ltat\u00f3 \u00e1ltal fizetett hazautaz\u00e1ssal kapcsolatos k\u00f6lts\u00e9gt\u00e9r\u00edt\u00e9s havi fels\u0151 korl\u00e1tja is emelkedett 41&nbsp;760 forintr\u00f3l 47 820 forintra.<br>&nbsp;<br>A munk\u00e1ba j\u00e1r\u00e1s c\u00edm\u00e9n fizetett k\u00f6lts\u00e9gt\u00e9r\u00edt\u00e9ssel szemben igazol\u00e1s n\u00e9lk\u00fcl elsz\u00e1molhat\u00f3 \u00f6sszeg a vesz\u00e9lyhelyzet ideje alatt kilom\u00e9terenk\u00e9nt 30 forint \u00e9rt\u00e9kre emelkedett, \u00edgy a nem \u00f6n\u00e1ll\u00f3 tev\u00e9kenys\u00e9gb\u0151l sz\u00e1rmaz\u00f3 j\u00f6vedelem kisz\u00e1m\u00edt\u00e1s\u00e1n\u00e1l nem kell figyelembe venni azt a bev\u00e9telt, amelyet a munk\u00e1ltat\u00f3 a munk\u00e1ba j\u00e1r\u00e1sr\u00f3l sz\u00f3l\u00f3 korm\u00e1nyrendelet szerinti munk\u00e1ba j\u00e1r\u00e1s eset\u00e9n k\u00f6lts\u00e9gt\u00e9r\u00edt\u00e9s c\u00edm\u00e9n a munk\u00e1ban t\u00f6lt\u00f6tt napokra a munkahely \u00e9s a lak\u00f3- vagy tart\u00f3zkod\u00e1si hely k\u00f6z\u00f6tt \u00e9s\/vagy hazautaz\u00e1sra a munkahely \u00e9s a lak\u00f3hely k\u00f6z\u00f6tt k\u00f6zforgalmi \u00faton m\u00e9rt oda-vissza t\u00e1vols\u00e1g figyelembev\u00e9tel\u00e9vel kilom\u00e9terenk\u00e9nt 30 forint \u00e9rt\u00e9kben fizet a munkav\u00e1llal\u00f3 r\u00e9sz\u00e9re. Amennyiben ezt az \u00f6sszeget a munk\u00e1ltat\u00f3 nem tudja kigazd\u00e1lkodni, tov\u00e1bbra is fenn\u00e1ll annak lehet\u0151s\u00e9ge, hogy a munkaad\u00f3 a 30 forint 60%-\u00e1t, azaz 18 forintot fizessen a munkav\u00e1llal\u00f3k r\u00e9sz\u00e9re.<br>&nbsp;<br>A m\u00f3dos\u00edt\u00e1s 2023. I. 28-\u00e1n l\u00e9pett hat\u00e1lyba, azzal, hogy a&nbsp;30 Ft\/km&nbsp;\u00f6sszeg m\u00e1r a janu\u00e1ri utakra is kifizethet\u0151 \u2013 ak\u00e1r ut\u00f3lag is \u2013 a kor\u00e1bbi 15 Ft\/km helyett. Azonban, ha a munkaad\u00f3 csak a k\u00f6telez\u0151 \u00f6sszeg\u0171 t\u00e9r\u00edt\u00e9st fizeti, akkor a kor\u00e1bbi 9 forint kilom\u00e9terenk\u00e9nti t\u00e9r\u00edt\u00e9s helyett a 30 Ft 60%-\u00e1t, azaz 18 forintot k\u00f6teles a munkav\u00e1lla\u00f3knak t\u00e9r\u00edteni, de ez a k\u00f6telezetts\u00e9g csak 2023. febru\u00e1r 1-t\u0151l l\u00e9pett hat\u00e1lyba. Ez azt jelenti, hogy a kilom\u00e9terenk\u00e9nti 30 forintos k\u00f6lts\u00e9gt\u00e9r\u00edt\u00e9s a 2023. janu\u00e1r 1-t\u0151l megtett kilom\u00e9terek ut\u00e1n adhat\u00f3, de a minimum t\u00e9r\u00edt\u00e9si k\u00f6telezetts\u00e9get \u2013 azaz a 30 Ft 60%-\u00e1t \u2013 az ezt v\u00e1laszt\u00f3 munkaad\u00f3knak csak a 2023. febru\u00e1r 1-t\u0151l kezd\u0151d\u0151 munk\u00e1ba j\u00e1r\u00e1s k\u00f6lts\u00e9gt\u00e9r\u00edt\u00e9s\u00e9n\u00e9l k\u00f6telez\u0151 alkalmazniuk.<br>&nbsp;<br>Figyelemmel arra, hogy a rendelet nem m\u00f3dos\u00edtotta az Szja t\u00f6rv\u00e9ny ide vonatkoz\u00f3 rendelkez\u00e9s\u00e9t, v\u00e1rhat\u00f3an a vesz\u00e9lyhelyzet megsz\u0171n\u00e9s\u00e9t k\u00f6vet\u0151en az Szja t\u00f6rv\u00e9ny m\u00f3dos\u00edt\u00e1s\u00e1ra is sor fog ker\u00fclni.<br>Egyebekben a 39\/2010. korm\u00e1nyrendelet el\u0151\u00edr\u00e1sai nem v\u00e1ltoztak.<br>&nbsp;<br>Eml\u00e9keztet\u00e9sk\u00e9ppen a 18 Ft-ot, vagy a munkaad\u00f3 d\u00f6nt\u00e9se szerint a 30 Ft-ot abban az esetben k\u00f6teles a munkaad\u00f3 t\u00e9r\u00edteni, ha<\/p>\n\n\n\n<ol class=\"wp-block-list\">\n<li>a munkav\u00e1llal\u00f3 lak\u00f3helye vagy tart\u00f3zkod\u00e1si helye, valamint a munkav\u00e9gz\u00e9s helye k\u00f6z\u00f6tt nincsen k\u00f6z\u00f6ss\u00e9gi k\u00f6zleked\u00e9s;<\/li>\n\n\n\n<li>a munkav\u00e1llal\u00f3 munkarendje miatt nem, vagy csak hossz\u00fa v\u00e1rakoz\u00e1ssal tudja ig\u00e9nybe venni a k\u00f6z\u00f6ss\u00e9gi k\u00f6zleked\u00e9st;<\/li>\n\n\n\n<li>ha a munkav\u00e1llal\u00f3 mozg\u00e1skorl\u00e1tozotts\u00e1ga, illetve a s\u00falyos fogyat\u00e9koss\u00e1g min\u0151s\u00edt\u00e9s\u00e9nek \u00e9s fel\u00fclvizsg\u00e1lat\u00e1nak, valamint a fogyat\u00e9koss\u00e1gi t\u00e1mogat\u00e1s foly\u00f3s\u00edt\u00e1s\u00e1nak szab\u00e1lyair\u00f3l sz\u00f3l\u00f3 korm\u00e1nyrendelet szerinti s\u00falyos fogyat\u00e9koss\u00e1ga miatt nem k\u00e9pes k\u00f6z\u00f6ss\u00e9gi k\u00f6zleked\u00e9si j\u00e1rm\u0171vet ig\u00e9nybe venni, ide\u00e9rtve azt az esetet is, ha a munkav\u00e1llal\u00f3 munk\u00e1ba j\u00e1r\u00e1s\u00e1t az Mt. 294. \u00a7 (1) bekezd\u00e9s b) pontj\u00e1ban felsorolt hozz\u00e1tartoz\u00f3ja biztos\u00edtja;<\/li>\n\n\n\n<li>a munkav\u00e1llal\u00f3nak b\u00f6lcs\u0151dei ell\u00e1t\u00e1st ig\u00e9nybe vev\u0151 vagy t\u00edz \u00e9v alatti k\u00f6znevel\u00e9si int\u00e9zm\u00e9nyben tanul\u00f3 gyermeke van.<\/li>\n<\/ol>\n\n\n\n<p>\u00a0Amennyiben a fentiekkel kapcsolatban b\u00e1rmilyen k\u00e9rd\u00e9s\u00fck lenne, forduljanak hozz\u00e1nk bizalommal.<\/p>\n\n\n\n<div style=\"height:100px\" aria-hidden=\"true\" class=\"wp-block-spacer\"><\/div>\n\n\n\n<h2 class=\"wp-block-heading\">Moore Hungary<\/h2>\n\n\n\n<p><\/p>\n\n\n\n<p>Moore Global, which started in a London office more than 110 years ago, is now one of the world's leading consulting and audit networks. Present in over 100 countries worldwide, the network has more than 600 independent offices and over 30,000 employees. The group's turnover for the last financial year exceeded $3 billion.<br><br><strong>Moore Global's services will be directly available in the domestic market from March 2021.&nbsp;<\/strong>Moore Hungary has been offering a full range of consulting services in the fields of business, financial, tax, accounting and auditing with a team of almost 100 experts since its inception.<br><br>In our fast-changing world, Moore provides strategic guidance and practical advice to help clients navigate and understand the complex regulatory and changing market environment and industry conditions, and thereby find the best solutions.<\/p>\n\n\n\n<p class=\"has-primary-gradient-gradient-background has-background\"><strong>Follow us on LinkedIn for more news!<\/strong><\/p>\n\n\n<style id=\"strategiq-content-image-style\">.block-content-image__buttons{margin-top:2rem}.block-content-image__pre-heading{text-transform:uppercase;letter-spacing:2px;font-size:.75rem;margin-bottom:.625rem}.block-content-image__heading{margin-bottom:1.5rem}.block-content-image__copy{font-size:1rem;line-height:1.5rem}.block-content-image__image{margin-top:2.5rem}@media (min-width: 992px){.block-content-image__image{margin-top:0}}.block-content-image-inner{-webkit-box-pack:justify;-ms-flex-pack:justify;justify-content:space-between}.block-content-image-inner.reverse{-webkit-box-orient:horizontal;-webkit-box-direction:reverse;-ms-flex-direction:row-reverse;flex-direction:row-reverse}\n\n\/*# sourceMappingURL=block-content-image.css.map *\/\n<\/style>\n<section  class=\"block-content-image\">\n\t<div class=\"container\">\n\t\t<div class=\"row block-content-image-inner flex_row\">\n\n\t\t\t<div class=\"col-12 col-lg-5\">\n\t\t\t\t\n\t\t\t\t<div class=\"block-content-image__heading\">\n\t\t\t\t\t\t\t\t\t<\/div>\n\n\t\t\t\t\t\t\t\t\t<div class=\"block-content-image__copy\">\n\t\t\t\t\t\t<p style=\"text-align: center\"><a href=\"https:\/\/www.linkedin.com\/company\/moorehungary\" target=\"_blank\" rel=\"noopener\"><img decoding=\"async\" class=\"alignnone size-full wp-image-901\" src=\"https:\/\/www.mooreglobal.hu\/wp-content\/uploads\/sites\/12\/2025\/10\/linkedin.png\" alt=\"\" width=\"195\" height=\"59\" srcset=\"https:\/\/www.mooreglobal.hu\/wp-content\/uploads\/sites\/12\/2025\/10\/linkedin.png 195w, https:\/\/www.mooreglobal.hu\/wp-content\/uploads\/sites\/12\/2025\/10\/linkedin-18x5.png 18w\" sizes=\"(max-width: 195px) 100vw, 195px\" \/><\/a><\/p>\n<p>&nbsp;<\/p>\n\t\t\t\t\t<\/div>\n\t\t\t\t\n\t\t\t\t\t\t\t<\/div>\n\n\t\t\t<div class=\"col-12 col-lg-6\">\n\t\t\t\t\t\t\t<\/div>\n\t\t<\/div>\n\t<\/div>\n<\/section>","protected":false},"excerpt":{"rendered":"<p>Tisztelt \u00dcgyfel\u00fcnk!&nbsp;Szeretn\u00e9nk felh\u00edvni a figyelm\u00fcket, hogy 2023-ban jelent\u0151sen n\u00f6vekszik a munk\u00e1ba j\u00e1r\u00e1ssal kapcsolatban a munkaad\u00f3kat terhel\u0151 k\u00f6lts\u00e9g \u00f6sszege.&nbsp;A n\u00f6veked\u00e9st egyr\u00e9szt a k\u00f6z\u00f6ss\u00e9gi k\u00f6zleked\u00e9ssel munk\u00e1ba j\u00e1r\u00f3k b\u00e9rlett\u00e9r\u00edt\u00e9s\u00e9nek emelked\u00e9se okozza, m\u00e1sr\u00e9szt a g\u00e9pj\u00e1rm\u0171vel munk\u00e1ba j\u00e1r\u00f3 munkav\u00e1llal\u00f3k r\u00e9sz\u00e9re fizetend\u0151 t\u00e9r\u00edt\u00e9s \u00f6sszege is a dupl\u00e1j\u00e1ra emelkedett az el\u0151z\u0151 \u00e9vhez viszony\u00edtva, valamint a munk\u00e1ltat\u00f3 \u00e1ltal fizetett hazautaz\u00e1ssal kapcsolatos k\u00f6lts\u00e9gt\u00e9r\u00edt\u00e9s havi [&hellip;]<\/p>\n","protected":false},"author":17,"featured_media":334,"comment_status":"closed","ping_status":"open","sticky":false,"template":"","format":"standard","meta":{"_acf_changed":true,"footnotes":""},"categories":[15],"tags":[],"location":[],"class_list":["post-389","post","type-post","status-publish","format-standard","has-post-thumbnail","hentry","category-ugyfeltajekoztato"],"acf":[],"yoast_head":"<!-- This site is optimized with the Yoast SEO plugin v27.5 - https:\/\/yoast.com\/product\/yoast-seo-wordpress\/ -->\n<title>MUNK\u00c1BA J\u00c1R\u00c1S K\u00d6LTS\u00c9GEINEK T\u00c9R\u00cdT\u00c9SE 2023 - Moore Hungary<\/title>\n<meta name=\"robots\" content=\"index, follow, max-snippet:-1, max-image-preview:large, max-video-preview:-1\" \/>\n<link rel=\"canonical\" href=\"https:\/\/www.mooreglobal.hu\/en\/munkaba-jaras-koltsegeinek-teritese-2023\/\" \/>\n<meta property=\"og:locale\" content=\"en_GB\" \/>\n<meta property=\"og:type\" content=\"article\" \/>\n<meta property=\"og:title\" content=\"MUNK\u00c1BA J\u00c1R\u00c1S K\u00d6LTS\u00c9GEINEK T\u00c9R\u00cdT\u00c9SE 2023 - Moore Hungary\" \/>\n<meta property=\"og:description\" content=\"Tisztelt \u00dcgyfel\u00fcnk!&nbsp;Szeretn\u00e9nk felh\u00edvni a figyelm\u00fcket, hogy 2023-ban jelent\u0151sen n\u00f6vekszik a munk\u00e1ba j\u00e1r\u00e1ssal kapcsolatban a munkaad\u00f3kat terhel\u0151 k\u00f6lts\u00e9g \u00f6sszege.&nbsp;A n\u00f6veked\u00e9st egyr\u00e9szt a k\u00f6z\u00f6ss\u00e9gi k\u00f6zleked\u00e9ssel munk\u00e1ba j\u00e1r\u00f3k b\u00e9rlett\u00e9r\u00edt\u00e9s\u00e9nek emelked\u00e9se okozza, m\u00e1sr\u00e9szt a g\u00e9pj\u00e1rm\u0171vel munk\u00e1ba j\u00e1r\u00f3 munkav\u00e1llal\u00f3k r\u00e9sz\u00e9re fizetend\u0151 t\u00e9r\u00edt\u00e9s \u00f6sszege is a dupl\u00e1j\u00e1ra emelkedett az el\u0151z\u0151 \u00e9vhez viszony\u00edtva, valamint a munk\u00e1ltat\u00f3 \u00e1ltal fizetett hazautaz\u00e1ssal kapcsolatos k\u00f6lts\u00e9gt\u00e9r\u00edt\u00e9s havi [&hellip;]\" \/>\n<meta property=\"og:url\" content=\"https:\/\/www.mooreglobal.hu\/en\/munkaba-jaras-koltsegeinek-teritese-2023\/\" \/>\n<meta property=\"og:site_name\" content=\"Moore Hungary\" \/>\n<meta property=\"article:published_time\" content=\"2023-02-13T10:07:00+00:00\" \/>\n<meta property=\"article:modified_time\" content=\"2025-12-03T13:04:32+00:00\" \/>\n<meta property=\"og:image\" content=\"https:\/\/www.mooreglobal.hu\/wp-content\/uploads\/sites\/12\/2025\/10\/koltseg1_1.jpg\" \/>\n\t<meta property=\"og:image:width\" content=\"1870\" \/>\n\t<meta property=\"og:image:height\" content=\"1247\" \/>\n\t<meta property=\"og:image:type\" content=\"image\/jpeg\" \/>\n<meta name=\"author\" content=\"B\u00edr\u00f3 M\u00e1t\u00e9\" \/>\n<meta name=\"twitter:card\" content=\"summary_large_image\" \/>\n<meta name=\"twitter:label1\" content=\"Written by\" \/>\n\t<meta name=\"twitter:data1\" content=\"B\u00edr\u00f3 M\u00e1t\u00e9\" \/>\n\t<meta name=\"twitter:label2\" content=\"Est. reading time\" \/>\n\t<meta name=\"twitter:data2\" content=\"4 minutes\" \/>\n<script type=\"application\/ld+json\" class=\"yoast-schema-graph\">{\"@context\":\"https:\\\/\\\/schema.org\",\"@graph\":[{\"@type\":\"Article\",\"@id\":\"https:\\\/\\\/www.mooreglobal.hu\\\/en\\\/munkaba-jaras-koltsegeinek-teritese-2023\\\/#article\",\"isPartOf\":{\"@id\":\"https:\\\/\\\/www.mooreglobal.hu\\\/en\\\/munkaba-jaras-koltsegeinek-teritese-2023\\\/\"},\"author\":{\"name\":\"B\u00edr\u00f3 M\u00e1t\u00e9\",\"@id\":\"https:\\\/\\\/www.mooreglobal.hu\\\/#\\\/schema\\\/person\\\/f11696f5af336675622bd3248ebe8de5\"},\"headline\":\"MUNK\u00c1BA J\u00c1R\u00c1S K\u00d6LTS\u00c9GEINEK T\u00c9R\u00cdT\u00c9SE 2023\",\"datePublished\":\"2023-02-13T10:07:00+00:00\",\"dateModified\":\"2025-12-03T13:04:32+00:00\",\"mainEntityOfPage\":{\"@id\":\"https:\\\/\\\/www.mooreglobal.hu\\\/en\\\/munkaba-jaras-koltsegeinek-teritese-2023\\\/\"},\"wordCount\":992,\"image\":{\"@id\":\"https:\\\/\\\/www.mooreglobal.hu\\\/en\\\/munkaba-jaras-koltsegeinek-teritese-2023\\\/#primaryimage\"},\"thumbnailUrl\":\"https:\\\/\\\/www.mooreglobal.hu\\\/wp-content\\\/uploads\\\/sites\\\/12\\\/2025\\\/10\\\/koltseg1_1.jpg\",\"articleSection\":[\"\u00dcgyf\u00e9lt\u00e1j\u00e9koztat\u00f3\"],\"inLanguage\":\"en-GB\"},{\"@type\":\"WebPage\",\"@id\":\"https:\\\/\\\/www.mooreglobal.hu\\\/en\\\/munkaba-jaras-koltsegeinek-teritese-2023\\\/\",\"url\":\"https:\\\/\\\/www.mooreglobal.hu\\\/en\\\/munkaba-jaras-koltsegeinek-teritese-2023\\\/\",\"name\":\"MUNK\u00c1BA J\u00c1R\u00c1S K\u00d6LTS\u00c9GEINEK T\u00c9R\u00cdT\u00c9SE 2023 - Moore Hungary\",\"isPartOf\":{\"@id\":\"https:\\\/\\\/www.mooreglobal.hu\\\/#website\"},\"primaryImageOfPage\":{\"@id\":\"https:\\\/\\\/www.mooreglobal.hu\\\/en\\\/munkaba-jaras-koltsegeinek-teritese-2023\\\/#primaryimage\"},\"image\":{\"@id\":\"https:\\\/\\\/www.mooreglobal.hu\\\/en\\\/munkaba-jaras-koltsegeinek-teritese-2023\\\/#primaryimage\"},\"thumbnailUrl\":\"https:\\\/\\\/www.mooreglobal.hu\\\/wp-content\\\/uploads\\\/sites\\\/12\\\/2025\\\/10\\\/koltseg1_1.jpg\",\"datePublished\":\"2023-02-13T10:07:00+00:00\",\"dateModified\":\"2025-12-03T13:04:32+00:00\",\"author\":{\"@id\":\"https:\\\/\\\/www.mooreglobal.hu\\\/#\\\/schema\\\/person\\\/f11696f5af336675622bd3248ebe8de5\"},\"breadcrumb\":{\"@id\":\"https:\\\/\\\/www.mooreglobal.hu\\\/en\\\/munkaba-jaras-koltsegeinek-teritese-2023\\\/#breadcrumb\"},\"inLanguage\":\"en-GB\",\"potentialAction\":[{\"@type\":\"ReadAction\",\"target\":[\"https:\\\/\\\/www.mooreglobal.hu\\\/en\\\/munkaba-jaras-koltsegeinek-teritese-2023\\\/\"]}]},{\"@type\":\"ImageObject\",\"inLanguage\":\"en-GB\",\"@id\":\"https:\\\/\\\/www.mooreglobal.hu\\\/en\\\/munkaba-jaras-koltsegeinek-teritese-2023\\\/#primaryimage\",\"url\":\"https:\\\/\\\/www.mooreglobal.hu\\\/wp-content\\\/uploads\\\/sites\\\/12\\\/2025\\\/10\\\/koltseg1_1.jpg\",\"contentUrl\":\"https:\\\/\\\/www.mooreglobal.hu\\\/wp-content\\\/uploads\\\/sites\\\/12\\\/2025\\\/10\\\/koltseg1_1.jpg\",\"width\":1870,\"height\":1247},{\"@type\":\"BreadcrumbList\",\"@id\":\"https:\\\/\\\/www.mooreglobal.hu\\\/en\\\/munkaba-jaras-koltsegeinek-teritese-2023\\\/#breadcrumb\",\"itemListElement\":[{\"@type\":\"ListItem\",\"position\":1,\"name\":\"Home\",\"item\":\"https:\\\/\\\/www.mooreglobal.hu\\\/\"},{\"@type\":\"ListItem\",\"position\":2,\"name\":\"MUNK\u00c1BA J\u00c1R\u00c1S K\u00d6LTS\u00c9GEINEK T\u00c9R\u00cdT\u00c9SE 2023\"}]},{\"@type\":\"WebSite\",\"@id\":\"https:\\\/\\\/www.mooreglobal.hu\\\/#website\",\"url\":\"https:\\\/\\\/www.mooreglobal.hu\\\/\",\"name\":\"Moore Hungary\",\"description\":\"Ez a Moore Hungary honlapja.\",\"potentialAction\":[{\"@type\":\"SearchAction\",\"target\":{\"@type\":\"EntryPoint\",\"urlTemplate\":\"https:\\\/\\\/www.mooreglobal.hu\\\/?s={search_term_string}\"},\"query-input\":{\"@type\":\"PropertyValueSpecification\",\"valueRequired\":true,\"valueName\":\"search_term_string\"}}],\"inLanguage\":\"en-GB\"},{\"@type\":\"Person\",\"@id\":\"https:\\\/\\\/www.mooreglobal.hu\\\/#\\\/schema\\\/person\\\/f11696f5af336675622bd3248ebe8de5\",\"name\":\"B\u00edr\u00f3 M\u00e1t\u00e9\",\"image\":{\"@type\":\"ImageObject\",\"inLanguage\":\"en-GB\",\"@id\":\"https:\\\/\\\/secure.gravatar.com\\\/avatar\\\/c183a20576de2f6de8221df54091aa225add4f7fd6460500b04b2637789f65d6?s=96&d=mm&r=g\",\"url\":\"https:\\\/\\\/secure.gravatar.com\\\/avatar\\\/c183a20576de2f6de8221df54091aa225add4f7fd6460500b04b2637789f65d6?s=96&d=mm&r=g\",\"contentUrl\":\"https:\\\/\\\/secure.gravatar.com\\\/avatar\\\/c183a20576de2f6de8221df54091aa225add4f7fd6460500b04b2637789f65d6?s=96&d=mm&r=g\",\"caption\":\"B\u00edr\u00f3 M\u00e1t\u00e9\"},\"url\":\"https:\\\/\\\/www.mooreglobal.hu\\\/en\\\/author\\\/matebiro\\\/\"}]}<\/script>\n<!-- \/ Yoast SEO plugin. -->","yoast_head_json":{"title":"MUNK\u00c1BA J\u00c1R\u00c1S K\u00d6LTS\u00c9GEINEK T\u00c9R\u00cdT\u00c9SE 2023 - Moore Hungary","robots":{"index":"index","follow":"follow","max-snippet":"max-snippet:-1","max-image-preview":"max-image-preview:large","max-video-preview":"max-video-preview:-1"},"canonical":"https:\/\/www.mooreglobal.hu\/en\/munkaba-jaras-koltsegeinek-teritese-2023\/","og_locale":"en_GB","og_type":"article","og_title":"MUNK\u00c1BA J\u00c1R\u00c1S K\u00d6LTS\u00c9GEINEK T\u00c9R\u00cdT\u00c9SE 2023 - Moore Hungary","og_description":"Tisztelt \u00dcgyfel\u00fcnk!&nbsp;Szeretn\u00e9nk felh\u00edvni a figyelm\u00fcket, hogy 2023-ban jelent\u0151sen n\u00f6vekszik a munk\u00e1ba j\u00e1r\u00e1ssal kapcsolatban a munkaad\u00f3kat terhel\u0151 k\u00f6lts\u00e9g \u00f6sszege.&nbsp;A n\u00f6veked\u00e9st egyr\u00e9szt a k\u00f6z\u00f6ss\u00e9gi k\u00f6zleked\u00e9ssel munk\u00e1ba j\u00e1r\u00f3k b\u00e9rlett\u00e9r\u00edt\u00e9s\u00e9nek emelked\u00e9se okozza, m\u00e1sr\u00e9szt a g\u00e9pj\u00e1rm\u0171vel munk\u00e1ba j\u00e1r\u00f3 munkav\u00e1llal\u00f3k r\u00e9sz\u00e9re fizetend\u0151 t\u00e9r\u00edt\u00e9s \u00f6sszege is a dupl\u00e1j\u00e1ra emelkedett az el\u0151z\u0151 \u00e9vhez viszony\u00edtva, valamint a munk\u00e1ltat\u00f3 \u00e1ltal fizetett hazautaz\u00e1ssal kapcsolatos k\u00f6lts\u00e9gt\u00e9r\u00edt\u00e9s havi [&hellip;]","og_url":"https:\/\/www.mooreglobal.hu\/en\/munkaba-jaras-koltsegeinek-teritese-2023\/","og_site_name":"Moore Hungary","article_published_time":"2023-02-13T10:07:00+00:00","article_modified_time":"2025-12-03T13:04:32+00:00","og_image":[{"width":1870,"height":1247,"url":"https:\/\/www.mooreglobal.hu\/wp-content\/uploads\/sites\/12\/2025\/10\/koltseg1_1.jpg","type":"image\/jpeg"}],"author":"B\u00edr\u00f3 M\u00e1t\u00e9","twitter_card":"summary_large_image","twitter_misc":{"Written by":"B\u00edr\u00f3 M\u00e1t\u00e9","Est. reading time":"4 minutes"},"schema":{"@context":"https:\/\/schema.org","@graph":[{"@type":"Article","@id":"https:\/\/www.mooreglobal.hu\/en\/munkaba-jaras-koltsegeinek-teritese-2023\/#article","isPartOf":{"@id":"https:\/\/www.mooreglobal.hu\/en\/munkaba-jaras-koltsegeinek-teritese-2023\/"},"author":{"name":"B\u00edr\u00f3 M\u00e1t\u00e9","@id":"https:\/\/www.mooreglobal.hu\/#\/schema\/person\/f11696f5af336675622bd3248ebe8de5"},"headline":"MUNK\u00c1BA J\u00c1R\u00c1S K\u00d6LTS\u00c9GEINEK T\u00c9R\u00cdT\u00c9SE 2023","datePublished":"2023-02-13T10:07:00+00:00","dateModified":"2025-12-03T13:04:32+00:00","mainEntityOfPage":{"@id":"https:\/\/www.mooreglobal.hu\/en\/munkaba-jaras-koltsegeinek-teritese-2023\/"},"wordCount":992,"image":{"@id":"https:\/\/www.mooreglobal.hu\/en\/munkaba-jaras-koltsegeinek-teritese-2023\/#primaryimage"},"thumbnailUrl":"https:\/\/www.mooreglobal.hu\/wp-content\/uploads\/sites\/12\/2025\/10\/koltseg1_1.jpg","articleSection":["\u00dcgyf\u00e9lt\u00e1j\u00e9koztat\u00f3"],"inLanguage":"en-GB"},{"@type":"WebPage","@id":"https:\/\/www.mooreglobal.hu\/en\/munkaba-jaras-koltsegeinek-teritese-2023\/","url":"https:\/\/www.mooreglobal.hu\/en\/munkaba-jaras-koltsegeinek-teritese-2023\/","name":"MUNK\u00c1BA J\u00c1R\u00c1S K\u00d6LTS\u00c9GEINEK T\u00c9R\u00cdT\u00c9SE 2023 - Moore Hungary","isPartOf":{"@id":"https:\/\/www.mooreglobal.hu\/#website"},"primaryImageOfPage":{"@id":"https:\/\/www.mooreglobal.hu\/en\/munkaba-jaras-koltsegeinek-teritese-2023\/#primaryimage"},"image":{"@id":"https:\/\/www.mooreglobal.hu\/en\/munkaba-jaras-koltsegeinek-teritese-2023\/#primaryimage"},"thumbnailUrl":"https:\/\/www.mooreglobal.hu\/wp-content\/uploads\/sites\/12\/2025\/10\/koltseg1_1.jpg","datePublished":"2023-02-13T10:07:00+00:00","dateModified":"2025-12-03T13:04:32+00:00","author":{"@id":"https:\/\/www.mooreglobal.hu\/#\/schema\/person\/f11696f5af336675622bd3248ebe8de5"},"breadcrumb":{"@id":"https:\/\/www.mooreglobal.hu\/en\/munkaba-jaras-koltsegeinek-teritese-2023\/#breadcrumb"},"inLanguage":"en-GB","potentialAction":[{"@type":"ReadAction","target":["https:\/\/www.mooreglobal.hu\/en\/munkaba-jaras-koltsegeinek-teritese-2023\/"]}]},{"@type":"ImageObject","inLanguage":"en-GB","@id":"https:\/\/www.mooreglobal.hu\/en\/munkaba-jaras-koltsegeinek-teritese-2023\/#primaryimage","url":"https:\/\/www.mooreglobal.hu\/wp-content\/uploads\/sites\/12\/2025\/10\/koltseg1_1.jpg","contentUrl":"https:\/\/www.mooreglobal.hu\/wp-content\/uploads\/sites\/12\/2025\/10\/koltseg1_1.jpg","width":1870,"height":1247},{"@type":"BreadcrumbList","@id":"https:\/\/www.mooreglobal.hu\/en\/munkaba-jaras-koltsegeinek-teritese-2023\/#breadcrumb","itemListElement":[{"@type":"ListItem","position":1,"name":"Home","item":"https:\/\/www.mooreglobal.hu\/"},{"@type":"ListItem","position":2,"name":"MUNK\u00c1BA J\u00c1R\u00c1S K\u00d6LTS\u00c9GEINEK T\u00c9R\u00cdT\u00c9SE 2023"}]},{"@type":"WebSite","@id":"https:\/\/www.mooreglobal.hu\/#website","url":"https:\/\/www.mooreglobal.hu\/","name":"Moore Hungary","description":"This is the Moore Hungary website.","potentialAction":[{"@type":"SearchAction","target":{"@type":"EntryPoint","urlTemplate":"https:\/\/www.mooreglobal.hu\/?s={search_term_string}"},"query-input":{"@type":"PropertyValueSpecification","valueRequired":true,"valueName":"search_term_string"}}],"inLanguage":"en-GB"},{"@type":"Person","@id":"https:\/\/www.mooreglobal.hu\/#\/schema\/person\/f11696f5af336675622bd3248ebe8de5","name":"M\u00e1t\u00e9 B\u00edr\u00f3","image":{"@type":"ImageObject","inLanguage":"en-GB","@id":"https:\/\/secure.gravatar.com\/avatar\/c183a20576de2f6de8221df54091aa225add4f7fd6460500b04b2637789f65d6?s=96&d=mm&r=g","url":"https:\/\/secure.gravatar.com\/avatar\/c183a20576de2f6de8221df54091aa225add4f7fd6460500b04b2637789f65d6?s=96&d=mm&r=g","contentUrl":"https:\/\/secure.gravatar.com\/avatar\/c183a20576de2f6de8221df54091aa225add4f7fd6460500b04b2637789f65d6?s=96&d=mm&r=g","caption":"B\u00edr\u00f3 M\u00e1t\u00e9"},"url":"https:\/\/www.mooreglobal.hu\/en\/author\/matebiro\/"}]}},"_links":{"self":[{"href":"https:\/\/www.mooreglobal.hu\/en\/wp-json\/wp\/v2\/posts\/389","targetHints":{"allow":["GET"]}}],"collection":[{"href":"https:\/\/www.mooreglobal.hu\/en\/wp-json\/wp\/v2\/posts"}],"about":[{"href":"https:\/\/www.mooreglobal.hu\/en\/wp-json\/wp\/v2\/types\/post"}],"author":[{"embeddable":true,"href":"https:\/\/www.mooreglobal.hu\/en\/wp-json\/wp\/v2\/users\/17"}],"replies":[{"embeddable":true,"href":"https:\/\/www.mooreglobal.hu\/en\/wp-json\/wp\/v2\/comments?post=389"}],"version-history":[{"count":0,"href":"https:\/\/www.mooreglobal.hu\/en\/wp-json\/wp\/v2\/posts\/389\/revisions"}],"wp:featuredmedia":[{"embeddable":true,"href":"https:\/\/www.mooreglobal.hu\/en\/wp-json\/wp\/v2\/media\/334"}],"wp:attachment":[{"href":"https:\/\/www.mooreglobal.hu\/en\/wp-json\/wp\/v2\/media?parent=389"}],"wp:term":[{"taxonomy":"category","embeddable":true,"href":"https:\/\/www.mooreglobal.hu\/en\/wp-json\/wp\/v2\/categories?post=389"},{"taxonomy":"post_tag","embeddable":true,"href":"https:\/\/www.mooreglobal.hu\/en\/wp-json\/wp\/v2\/tags?post=389"},{"taxonomy":"location","embeddable":true,"href":"https:\/\/www.mooreglobal.hu\/en\/wp-json\/wp\/v2\/location?post=389"}],"curies":[{"name":"wp","href":"https:\/\/api.w.org\/{rel}","templated":true}]}}